{"id":3191,"date":"2025-08-30T12:21:11","date_gmt":"2025-08-30T10:21:11","guid":{"rendered":"https:\/\/www.grundschule-herkenrath.de\/hp\/?p=3191"},"modified":"2025-08-30T12:22:28","modified_gmt":"2025-08-30T10:22:28","slug":"einladung","status":"publish","type":"post","link":"https:\/\/www.grundschule-herkenrath.de\/hp\/einladung\/","title":{"rendered":"Einladung"},"content":{"rendered":"\n<p><strong>Ihr Kind wird ein Schulkind!<\/strong><\/p>\n<p>Die GGS Herkenrath l\u00e4dt interessierte Eltern zu einer<\/p>\n<p><strong>Informationsveranstaltung f\u00fcr alle Schulneulinge f\u00fcr das Schuljahr 2026\/27<\/strong><\/p>\n<p><strong>\u00a0<\/strong><strong>am Mittwoch, den 10.09.2025<\/strong><\/p>\n<p><strong>um 19.00 Uhr<\/strong><\/p>\n<p>herzlich ein.<\/p>\n<p><strong><em>Bitte finden Sie sich am oberen Schulhof ein.<\/em><\/strong><\/p>\n<p>Wir freuen uns auf Ihr Kommen!<\/p>\n<p><em>Gudrun Br\u00fcgger (kom. Schulleitung der GGS Herkenrath)<\/em><\/p>\n","protected":false},"excerpt":{"rendered":"<p>Ihr Kind wird ein Schulkind! Die GGS Herkenrath l\u00e4dt interessierte Eltern zu einer Informationsveranstaltung f\u00fcr alle Schulneulinge f\u00fcr das Schuljahr 2026\/27 \u00a0am Mittwoch, den 10.09.2025 um 19.00 Uhr herzlich ein. Bitte finden Sie sich am oberen Schulhof ein. Wir freuen uns auf Ihr Kommen! Gudrun Br\u00fcgger (kom. Schulleitung der GGS Herkenrath)<\/p>\n","protected":false},"author":3,"featured_media":2211,"comment_status":"closed","ping_status":"closed","sticky":false,"template":"","format":"standard","meta":{"footnotes":""},"categories":[1],"tags":[],"class_list":["post-3191","post","type-post","status-publish","format-standard","has-post-thumbnail","hentry","category-allgemein"],"_links":{"self":[{"href":"https:\/\/www.grundschule-herkenrath.de\/hp\/wp-json\/wp\/v2\/posts\/3191","targetHints":{"allow":["GET"]}}],"collection":[{"href":"https:\/\/www.grundschule-herkenrath.de\/hp\/wp-json\/wp\/v2\/posts"}],"about":[{"href":"https:\/\/www.grundschule-herkenrath.de\/hp\/wp-json\/wp\/v2\/types\/post"}],"author":[{"embeddable":true,"href":"https:\/\/www.grundschule-herkenrath.de\/hp\/wp-json\/wp\/v2\/users\/3"}],"replies":[{"embeddable":true,"href":"https:\/\/www.grundschule-herkenrath.de\/hp\/wp-json\/wp\/v2\/comments?post=3191"}],"version-history":[{"count":1,"href":"https:\/\/www.grundschule-herkenrath.de\/hp\/wp-json\/wp\/v2\/posts\/3191\/revisions"}],"predecessor-version":[{"id":3192,"href":"https:\/\/www.grundschule-herkenrath.de\/hp\/wp-json\/wp\/v2\/posts\/3191\/revisions\/3192"}],"wp:featuredmedia":[{"embeddable":true,"href":"https:\/\/www.grundschule-herkenrath.de\/hp\/wp-json\/wp\/v2\/media\/2211"}],"wp:attachment":[{"href":"https:\/\/www.grundschule-herkenrath.de\/hp\/wp-json\/wp\/v2\/media?parent=3191"}],"wp:term":[{"taxonomy":"category","embeddable":true,"href":"https:\/\/www.grundschule-herkenrath.de\/hp\/wp-json\/wp\/v2\/categories?post=3191"},{"taxonomy":"post_tag","embeddable":true,"href":"https:\/\/www.grundschule-herkenrath.de\/hp\/wp-json\/wp\/v2\/tags?post=3191"}],"curies":[{"name":"wp","href":"https:\/\/api.w.org\/{rel}","templated":true}]}}