{"id":3146,"date":"2024-11-26T06:46:16","date_gmt":"2024-11-26T05:46:16","guid":{"rendered":"https:\/\/www.grundschule-herkenrath.de\/hp\/?p=3146"},"modified":"2024-11-26T06:46:46","modified_gmt":"2024-11-26T05:46:46","slug":"digitale-schuelerzeitung-und-podcasts-auf-sdui","status":"publish","type":"post","link":"https:\/\/www.grundschule-herkenrath.de\/hp\/digitale-schuelerzeitung-und-podcasts-auf-sdui\/","title":{"rendered":"Digitale Sch\u00fclerzeitung und Podcasts auf Sdui"},"content":{"rendered":"\n<p>Wir m\u00f6chten Sie informieren, dass alle weiteren Ausgaben unserer Sch\u00fclerzeitung \u201cSchulexpress\u201d sowie unsere spannenden Podcasts auf Sdui ver\u00f6ffentlicht werden. Sdui dient uns als gesch\u00fctzter Raum f\u00fcr die Kommunikation mit Eltern und Sch\u00fclern und bietet die M\u00f6glichkeit, Inhalte sicher und digital bereitzustellen.<\/p>\n","protected":false},"excerpt":{"rendered":"<p>Wir m\u00f6chten Sie informieren, dass alle weiteren Ausgaben unserer Sch\u00fclerzeitung \u201cSchulexpress\u201d sowie unsere spannenden Podcasts auf Sdui ver\u00f6ffentlicht werden. Sdui dient uns als gesch\u00fctzter Raum f\u00fcr die Kommunikation mit Eltern und Sch\u00fclern und bietet die M\u00f6glichkeit, Inhalte sicher und digital bereitzustellen.<\/p>\n","protected":false},"author":3,"featured_media":1256,"comment_status":"closed","ping_status":"closed","sticky":false,"template":"","format":"standard","meta":{"footnotes":""},"categories":[1],"tags":[],"class_list":["post-3146","post","type-post","status-publish","format-standard","has-post-thumbnail","hentry","category-allgemein"],"_links":{"self":[{"href":"https:\/\/www.grundschule-herkenrath.de\/hp\/wp-json\/wp\/v2\/posts\/3146","targetHints":{"allow":["GET"]}}],"collection":[{"href":"https:\/\/www.grundschule-herkenrath.de\/hp\/wp-json\/wp\/v2\/posts"}],"about":[{"href":"https:\/\/www.grundschule-herkenrath.de\/hp\/wp-json\/wp\/v2\/types\/post"}],"author":[{"embeddable":true,"href":"https:\/\/www.grundschule-herkenrath.de\/hp\/wp-json\/wp\/v2\/users\/3"}],"replies":[{"embeddable":true,"href":"https:\/\/www.grundschule-herkenrath.de\/hp\/wp-json\/wp\/v2\/comments?post=3146"}],"version-history":[{"count":2,"href":"https:\/\/www.grundschule-herkenrath.de\/hp\/wp-json\/wp\/v2\/posts\/3146\/revisions"}],"predecessor-version":[{"id":3148,"href":"https:\/\/www.grundschule-herkenrath.de\/hp\/wp-json\/wp\/v2\/posts\/3146\/revisions\/3148"}],"wp:featuredmedia":[{"embeddable":true,"href":"https:\/\/www.grundschule-herkenrath.de\/hp\/wp-json\/wp\/v2\/media\/1256"}],"wp:attachment":[{"href":"https:\/\/www.grundschule-herkenrath.de\/hp\/wp-json\/wp\/v2\/media?parent=3146"}],"wp:term":[{"taxonomy":"category","embeddable":true,"href":"https:\/\/www.grundschule-herkenrath.de\/hp\/wp-json\/wp\/v2\/categories?post=3146"},{"taxonomy":"post_tag","embeddable":true,"href":"https:\/\/www.grundschule-herkenrath.de\/hp\/wp-json\/wp\/v2\/tags?post=3146"}],"curies":[{"name":"wp","href":"https:\/\/api.w.org\/{rel}","templated":true}]}}