{"id":3071,"date":"2024-11-05T12:59:54","date_gmt":"2024-11-05T11:59:54","guid":{"rendered":"https:\/\/www.grundschule-herkenrath.de\/hp\/?p=3071"},"modified":"2024-11-05T13:00:37","modified_gmt":"2024-11-05T12:00:37","slug":"st-martin","status":"publish","type":"post","link":"https:\/\/www.grundschule-herkenrath.de\/hp\/st-martin\/","title":{"rendered":"St. Martin"},"content":{"rendered":"\n<p>Am Donnerstag, den 7.11.2024, findet in der GGS Herkenrath von 17 bis 19 Uhr unsere allj\u00e4hrliche Laternenausstellung statt. <img decoding=\"async\" src=\"https:\/\/www.grundschule-herkenrath.de\/hp\/wp-content\/uploads\/2022\/11\/Martin22-5.jpg\" \/>Hier zeigen alle Klassen ihre selbst gebastelten Laternen in stimmungsvoller Atmosph\u00e4re. Sie sind herzlich Willkommen!<\/p>\n<p>\u00a0<\/p>\n\n\n\n<p>Am Mittwoch, den 13.11.2024, findet dann unser Martinszug statt. Die Aufstellung erfolgt um 18.00 Uhr auf der Zufahrtsstra\u00dfe zur Sporthalle. Eltern, Familienmitglieder, Freunde und sonstige Begleiter werden eindringlich gebeten, sich hinter den Sch\u00fclerInnen der vierten Schuljahre dem Zug anzuschlie\u00dfen. Nur dann ist gew\u00e4hrleistet, dass der Zug nicht durch nebenherlaufende Teilnehmer zu breit wird, wir die sch\u00f6n dekorierten H\u00e4user am Zugweg bewundern k\u00f6nnen und mit vereinter Stimmkraft St. Martin zu Ehren singen k\u00f6nnen. <img decoding=\"async\" src=\"https:\/\/www.grundschule-herkenrath.de\/hp\/wp-content\/uploads\/2022\/11\/Martin22-16.jpg\" \/><\/p>\n<p>Der Zug macht sich um 18.15 Uhr auf den Weg. Er zieht \u00fcber die Dietrich-von-Dorendorp-Stra\u00dfe, Gr\u00fcnenb\u00e4umchen, Schillerstra\u00dfe und biegt dann links in die Goethestra\u00dfe ab. Dort wird auf dem angrenzenden Wiesengrundst\u00fcck das Martinsfeuer abgebrannt. Nach Abbrennen des Feuers l\u00f6st sich der Zug auf. <\/p>\n\n\n","protected":false},"excerpt":{"rendered":"<p>Am Donnerstag, den 7.11.2024, findet in der GGS Herkenrath von 17 bis 19 Uhr unsere allj\u00e4hrliche Laternenausstellung statt. Hier zeigen alle Klassen ihre selbst gebastelten Laternen in stimmungsvoller Atmosph\u00e4re. Sie sind herzlich Willkommen! \u00a0 Am Mittwoch, den 13.11.2024, findet dann unser Martinszug statt. Die Aufstellung erfolgt um 18.00 Uhr auf der Zufahrtsstra\u00dfe zur Sporthalle. Eltern, [&hellip;]<\/p>\n","protected":false},"author":3,"featured_media":2887,"comment_status":"closed","ping_status":"closed","sticky":false,"template":"","format":"standard","meta":{"footnotes":""},"categories":[1],"tags":[],"class_list":["post-3071","post","type-post","status-publish","format-standard","has-post-thumbnail","hentry","category-allgemein"],"_links":{"self":[{"href":"https:\/\/www.grundschule-herkenrath.de\/hp\/wp-json\/wp\/v2\/posts\/3071","targetHints":{"allow":["GET"]}}],"collection":[{"href":"https:\/\/www.grundschule-herkenrath.de\/hp\/wp-json\/wp\/v2\/posts"}],"about":[{"href":"https:\/\/www.grundschule-herkenrath.de\/hp\/wp-json\/wp\/v2\/types\/post"}],"author":[{"embeddable":true,"href":"https:\/\/www.grundschule-herkenrath.de\/hp\/wp-json\/wp\/v2\/users\/3"}],"replies":[{"embeddable":true,"href":"https:\/\/www.grundschule-herkenrath.de\/hp\/wp-json\/wp\/v2\/comments?post=3071"}],"version-history":[{"count":2,"href":"https:\/\/www.grundschule-herkenrath.de\/hp\/wp-json\/wp\/v2\/posts\/3071\/revisions"}],"predecessor-version":[{"id":3073,"href":"https:\/\/www.grundschule-herkenrath.de\/hp\/wp-json\/wp\/v2\/posts\/3071\/revisions\/3073"}],"wp:featuredmedia":[{"embeddable":true,"href":"https:\/\/www.grundschule-herkenrath.de\/hp\/wp-json\/wp\/v2\/media\/2887"}],"wp:attachment":[{"href":"https:\/\/www.grundschule-herkenrath.de\/hp\/wp-json\/wp\/v2\/media?parent=3071"}],"wp:term":[{"taxonomy":"category","embeddable":true,"href":"https:\/\/www.grundschule-herkenrath.de\/hp\/wp-json\/wp\/v2\/categories?post=3071"},{"taxonomy":"post_tag","embeddable":true,"href":"https:\/\/www.grundschule-herkenrath.de\/hp\/wp-json\/wp\/v2\/tags?post=3071"}],"curies":[{"name":"wp","href":"https:\/\/api.w.org\/{rel}","templated":true}]}}