{"id":2877,"date":"2023-10-26T13:46:48","date_gmt":"2023-10-26T11:46:48","guid":{"rendered":"https:\/\/www.grundschule-herkenrath.de\/hp\/?p=2877"},"modified":"2023-10-26T13:48:18","modified_gmt":"2023-10-26T11:48:18","slug":"laternenausstellung-2023","status":"publish","type":"post","link":"https:\/\/www.grundschule-herkenrath.de\/hp\/laternenausstellung-2023\/","title":{"rendered":"Laternenausstellung 2023"},"content":{"rendered":"\n<p>Liebe Eltern, Freunde und F\u00f6rderer der GGS Herkenrath,<\/p>\n<p>hiermit laden wir Sie herzlich zur Laternenausstellung unserer Schule am 2.11.2023 von 17 bis 19 Uhr ein. In den Klassenr\u00e4umen der Klassen 1A, 2A, 3A und 1B sind die selbstgebastelten Laternen der Kinder wieder ausgestellt. Der F\u00f6rderverein wird in bew\u00e4hrter Weise f\u00fcr das leibliche Wohl sorgen und erwartet Sie im Musikraum.<\/p>\n<p><img loading=\"lazy\" decoding=\"async\" class=\"alignleft  wp-image-2787\" src=\"https:\/\/www.grundschule-herkenrath.de\/hp\/wp-content\/uploads\/2022\/11\/Martin22-16-580x435.jpg\" alt=\"\" width=\"312\" height=\"234\" srcset=\"https:\/\/www.grundschule-herkenrath.de\/hp\/wp-content\/uploads\/2022\/11\/Martin22-16-580x435.jpg 580w, https:\/\/www.grundschule-herkenrath.de\/hp\/wp-content\/uploads\/2022\/11\/Martin22-16-940x705.jpg 940w, https:\/\/www.grundschule-herkenrath.de\/hp\/wp-content\/uploads\/2022\/11\/Martin22-16-768x576.jpg 768w, https:\/\/www.grundschule-herkenrath.de\/hp\/wp-content\/uploads\/2022\/11\/Martin22-16-624x468.jpg 624w, https:\/\/www.grundschule-herkenrath.de\/hp\/wp-content\/uploads\/2022\/11\/Martin22-16.jpg 1024w\" sizes=\"auto, (max-width: 312px) 100vw, 312px\" \/>Der Martinszug durch Herkenrath startet am Mittwoch den 08 11.2023 um 18.00 Uhr. Das Feuer wird wie immer auf der Wiese an der Goethestra\u00dfe abgebrannt.<\/p>\n<p>Die Schulleitung und das Kollegium freut sich auf Ihren Besuch!<\/p>\n<p>\u00a0<\/p>\n\n\n\n\n","protected":false},"excerpt":{"rendered":"<p>Liebe Eltern, Freunde und F\u00f6rderer der GGS Herkenrath, hiermit laden wir Sie herzlich zur Laternenausstellung unserer Schule am 2.11.2023 von 17 bis 19 Uhr ein. In den Klassenr\u00e4umen der Klassen 1A, 2A, 3A und 1B sind die selbstgebastelten Laternen der Kinder wieder ausgestellt. Der F\u00f6rderverein wird in bew\u00e4hrter Weise f\u00fcr das leibliche Wohl sorgen und [&hellip;]<\/p>\n","protected":false},"author":3,"featured_media":2776,"comment_status":"closed","ping_status":"closed","sticky":false,"template":"","format":"standard","meta":{"footnotes":""},"categories":[1],"tags":[],"class_list":["post-2877","post","type-post","status-publish","format-standard","has-post-thumbnail","hentry","category-allgemein"],"_links":{"self":[{"href":"https:\/\/www.grundschule-herkenrath.de\/hp\/wp-json\/wp\/v2\/posts\/2877","targetHints":{"allow":["GET"]}}],"collection":[{"href":"https:\/\/www.grundschule-herkenrath.de\/hp\/wp-json\/wp\/v2\/posts"}],"about":[{"href":"https:\/\/www.grundschule-herkenrath.de\/hp\/wp-json\/wp\/v2\/types\/post"}],"author":[{"embeddable":true,"href":"https:\/\/www.grundschule-herkenrath.de\/hp\/wp-json\/wp\/v2\/users\/3"}],"replies":[{"embeddable":true,"href":"https:\/\/www.grundschule-herkenrath.de\/hp\/wp-json\/wp\/v2\/comments?post=2877"}],"version-history":[{"count":2,"href":"https:\/\/www.grundschule-herkenrath.de\/hp\/wp-json\/wp\/v2\/posts\/2877\/revisions"}],"predecessor-version":[{"id":2879,"href":"https:\/\/www.grundschule-herkenrath.de\/hp\/wp-json\/wp\/v2\/posts\/2877\/revisions\/2879"}],"wp:featuredmedia":[{"embeddable":true,"href":"https:\/\/www.grundschule-herkenrath.de\/hp\/wp-json\/wp\/v2\/media\/2776"}],"wp:attachment":[{"href":"https:\/\/www.grundschule-herkenrath.de\/hp\/wp-json\/wp\/v2\/media?parent=2877"}],"wp:term":[{"taxonomy":"category","embeddable":true,"href":"https:\/\/www.grundschule-herkenrath.de\/hp\/wp-json\/wp\/v2\/categories?post=2877"},{"taxonomy":"post_tag","embeddable":true,"href":"https:\/\/www.grundschule-herkenrath.de\/hp\/wp-json\/wp\/v2\/tags?post=2877"}],"curies":[{"name":"wp","href":"https:\/\/api.w.org\/{rel}","templated":true}]}}