{"id":2771,"date":"2022-11-17T17:15:01","date_gmt":"2022-11-17T16:15:01","guid":{"rendered":"https:\/\/www.grundschule-herkenrath.de\/hp\/?p=2771"},"modified":"2022-11-17T17:15:01","modified_gmt":"2022-11-17T16:15:01","slug":"martinszug-2022-an-der-ggs-herkenrath","status":"publish","type":"post","link":"https:\/\/www.grundschule-herkenrath.de\/hp\/martinszug-2022-an-der-ggs-herkenrath\/","title":{"rendered":"Martinszug 2022 an der GGS Herkenrath"},"content":{"rendered":"\n<p>Wir sind zu der Schule gegangen. Wir haben erst das Schild nicht mit 2A gefunden. Dann haben wir drei Kinder aus der Klasse gesehen. Dann sind wir schon losgegangen. Die Musik war sch\u00f6n laut. N\u00e4chstes Jahr wird sie noch lauter, &#8222;Aaaah&#8220;! Da war die Musik losgegangen und wir haben gesungen. <img loading=\"lazy\" decoding=\"async\" class=\"wp-image-2787 alignleft\" src=\"https:\/\/www.grundschule-herkenrath.de\/hp\/wp-content\/uploads\/2022\/11\/Martin22-16-580x435.jpg\" alt=\"\" width=\"304\" height=\"228\" srcset=\"https:\/\/www.grundschule-herkenrath.de\/hp\/wp-content\/uploads\/2022\/11\/Martin22-16-580x435.jpg 580w, https:\/\/www.grundschule-herkenrath.de\/hp\/wp-content\/uploads\/2022\/11\/Martin22-16-940x705.jpg 940w, https:\/\/www.grundschule-herkenrath.de\/hp\/wp-content\/uploads\/2022\/11\/Martin22-16-768x576.jpg 768w, https:\/\/www.grundschule-herkenrath.de\/hp\/wp-content\/uploads\/2022\/11\/Martin22-16-624x468.jpg 624w, https:\/\/www.grundschule-herkenrath.de\/hp\/wp-content\/uploads\/2022\/11\/Martin22-16.jpg 1024w\" sizes=\"auto, (max-width: 304px) 100vw, 304px\" \/>Die Laternenausstellung war toll! Die verschiedenen Laternen waren sch\u00f6n. Das war so sch\u00f6n. Ich bin so begeistert herumgelaufen. Ich habe Frau Bernardini einen Kinderpunsch gegeben und ich habe zwei Wasser getrunken und ein Br\u00f6tchen mit Frikadelle und eine Laugenstange gegessen. <em>(Kind aus der 2a)<\/em><\/p>\n<p>\u00a0<\/p>\n<p><img loading=\"lazy\" decoding=\"async\" class=\"wp-image-2776 alignright\" src=\"https:\/\/www.grundschule-herkenrath.de\/hp\/wp-content\/uploads\/2022\/11\/Martin22-5-580x435.jpg\" alt=\"\" width=\"276\" height=\"207\" srcset=\"https:\/\/www.grundschule-herkenrath.de\/hp\/wp-content\/uploads\/2022\/11\/Martin22-5-580x435.jpg 580w, https:\/\/www.grundschule-herkenrath.de\/hp\/wp-content\/uploads\/2022\/11\/Martin22-5-940x705.jpg 940w, https:\/\/www.grundschule-herkenrath.de\/hp\/wp-content\/uploads\/2022\/11\/Martin22-5-768x576.jpg 768w, https:\/\/www.grundschule-herkenrath.de\/hp\/wp-content\/uploads\/2022\/11\/Martin22-5-624x468.jpg 624w, https:\/\/www.grundschule-herkenrath.de\/hp\/wp-content\/uploads\/2022\/11\/Martin22-5.jpg 1024w\" sizes=\"auto, (max-width: 276px) 100vw, 276px\" \/><\/p>\n<p>Gestern war Sankt Martin und wir haben gesungen. Ich habe den Sankt Martin gesehen. Er war sehr sch\u00f6n. <em>(Kind aus der 2a)<\/em><\/p>\n<p>Die Laternenausstellung war toll. Es gab viele andere Laternen, die auch sch\u00f6n waren. Die Kapelle war laut. Es hat sehr viel Spa\u00df gemacht. Das Pferd hie\u00df Filipe. (Kind aus der 2a)<\/p>\n<p>\u00a0<\/p>\n<p>\u00a0<\/p>\n<div id=\"metaslider-id-2788\" style=\"max-width: 500px;\" class=\"ml-slider-3-108-0 metaslider metaslider-flex metaslider-2788 ml-slider has-dots-nav ms-theme-default\" role=\"region\" aria-label=\"Martin 22\" data-height=\"360\" data-width=\"500\">\n    <div id=\"metaslider_container_2788\">\n        <div id=\"metaslider_2788\">\n            <ul class='slides'>\n                <li style=\"display: block; width: 100%;\" class=\"slide-2789 ms-image \" aria-roledescription=\"slide\" data-date=\"2022-11-17 17:11:19\" data-filename=\"Martin22-16-500x360.jpg\" data-slide-type=\"image\"><img loading=\"lazy\" decoding=\"async\" src=\"https:\/\/www.grundschule-herkenrath.de\/hp\/wp-content\/uploads\/2022\/11\/Martin22-16-500x360.jpg\" height=\"360\" width=\"500\" alt=\"\" class=\"slider-2788 slide-2789 msDefaultImage\" title=\"Martin22 (16)\" \/><\/li>\n                <li style=\"display: none; width: 100%;\" class=\"slide-2790 ms-image \" aria-roledescription=\"slide\" data-date=\"2022-11-17 17:11:19\" data-filename=\"Martin22-15-500x360.jpg\" data-slide-type=\"image\"><img loading=\"lazy\" decoding=\"async\" src=\"https:\/\/www.grundschule-herkenrath.de\/hp\/wp-content\/uploads\/2022\/11\/Martin22-15-500x360.jpg\" height=\"360\" width=\"500\" alt=\"\" class=\"slider-2788 slide-2790 msDefaultImage\" title=\"Martin22 (15)\" \/><\/li>\n                <li style=\"display: none; width: 100%;\" class=\"slide-2791 ms-image \" aria-roledescription=\"slide\" data-date=\"2022-11-17 17:11:19\" data-filename=\"Martin22-14-500x360.jpg\" data-slide-type=\"image\"><img loading=\"lazy\" decoding=\"async\" src=\"https:\/\/www.grundschule-herkenrath.de\/hp\/wp-content\/uploads\/2022\/11\/Martin22-14-500x360.jpg\" height=\"360\" width=\"500\" alt=\"\" class=\"slider-2788 slide-2791 msDefaultImage\" title=\"Martin22 (14)\" \/><\/li>\n                <li style=\"display: none; width: 100%;\" class=\"slide-2792 ms-image \" aria-roledescription=\"slide\" data-date=\"2022-11-17 17:11:20\" data-filename=\"Martin22-13-500x360.jpg\" data-slide-type=\"image\"><img loading=\"lazy\" decoding=\"async\" src=\"https:\/\/www.grundschule-herkenrath.de\/hp\/wp-content\/uploads\/2022\/11\/Martin22-13-500x360.jpg\" height=\"360\" width=\"500\" alt=\"\" class=\"slider-2788 slide-2792 msDefaultImage\" title=\"Martin22 (13)\" \/><\/li>\n                <li style=\"display: none; width: 100%;\" class=\"slide-2793 ms-image \" aria-roledescription=\"slide\" data-date=\"2022-11-17 17:11:20\" data-filename=\"Martin22-12-500x360.jpg\" data-slide-type=\"image\"><img loading=\"lazy\" decoding=\"async\" src=\"https:\/\/www.grundschule-herkenrath.de\/hp\/wp-content\/uploads\/2022\/11\/Martin22-12-500x360.jpg\" height=\"360\" width=\"500\" alt=\"\" class=\"slider-2788 slide-2793 msDefaultImage\" title=\"Martin22 (12)\" \/><\/li>\n                <li style=\"display: none; width: 100%;\" class=\"slide-2794 ms-image \" aria-roledescription=\"slide\" data-date=\"2022-11-17 17:11:20\" data-filename=\"Martin22-11-500x360.jpg\" data-slide-type=\"image\"><img loading=\"lazy\" decoding=\"async\" src=\"https:\/\/www.grundschule-herkenrath.de\/hp\/wp-content\/uploads\/2022\/11\/Martin22-11-500x360.jpg\" height=\"360\" width=\"500\" alt=\"\" class=\"slider-2788 slide-2794 msDefaultImage\" title=\"Martin22 (11)\" \/><\/li>\n                <li style=\"display: none; width: 100%;\" class=\"slide-2795 ms-image \" aria-roledescription=\"slide\" data-date=\"2022-11-17 17:11:20\" data-filename=\"Martin22-10-500x360.jpg\" data-slide-type=\"image\"><img loading=\"lazy\" decoding=\"async\" src=\"https:\/\/www.grundschule-herkenrath.de\/hp\/wp-content\/uploads\/2022\/11\/Martin22-10-500x360.jpg\" height=\"360\" width=\"500\" alt=\"\" class=\"slider-2788 slide-2795 msDefaultImage\" title=\"Martin22 (10)\" \/><\/li>\n                <li style=\"display: none; width: 100%;\" class=\"slide-2796 ms-image \" aria-roledescription=\"slide\" data-date=\"2022-11-17 17:11:21\" data-filename=\"Martin22-9-500x360.jpg\" data-slide-type=\"image\"><img loading=\"lazy\" decoding=\"async\" src=\"https:\/\/www.grundschule-herkenrath.de\/hp\/wp-content\/uploads\/2022\/11\/Martin22-9-500x360.jpg\" height=\"360\" width=\"500\" alt=\"\" class=\"slider-2788 slide-2796 msDefaultImage\" title=\"Martin22 (9)\" \/><\/li>\n                <li style=\"display: none; width: 100%;\" class=\"slide-2797 ms-image \" aria-roledescription=\"slide\" data-date=\"2022-11-17 17:11:21\" data-filename=\"Martin22-8-500x360.jpg\" data-slide-type=\"image\"><img loading=\"lazy\" decoding=\"async\" src=\"https:\/\/www.grundschule-herkenrath.de\/hp\/wp-content\/uploads\/2022\/11\/Martin22-8-500x360.jpg\" height=\"360\" width=\"500\" alt=\"\" class=\"slider-2788 slide-2797 msDefaultImage\" title=\"Martin22 (8)\" \/><\/li>\n                <li style=\"display: none; width: 100%;\" class=\"slide-2798 ms-image \" aria-roledescription=\"slide\" data-date=\"2022-11-17 17:11:21\" data-filename=\"Martin22-7-500x360.jpg\" data-slide-type=\"image\"><img loading=\"lazy\" decoding=\"async\" src=\"https:\/\/www.grundschule-herkenrath.de\/hp\/wp-content\/uploads\/2022\/11\/Martin22-7-500x360.jpg\" height=\"360\" width=\"500\" alt=\"\" class=\"slider-2788 slide-2798 msDefaultImage\" title=\"Martin22 (7)\" \/><\/li>\n                <li style=\"display: none; width: 100%;\" class=\"slide-2799 ms-image \" aria-roledescription=\"slide\" data-date=\"2022-11-17 17:11:21\" data-filename=\"Martin22-6-500x360.jpg\" data-slide-type=\"image\"><img loading=\"lazy\" decoding=\"async\" src=\"https:\/\/www.grundschule-herkenrath.de\/hp\/wp-content\/uploads\/2022\/11\/Martin22-6-500x360.jpg\" height=\"360\" width=\"500\" alt=\"\" class=\"slider-2788 slide-2799 msDefaultImage\" title=\"Martin22 (6)\" \/><\/li>\n                <li style=\"display: none; width: 100%;\" class=\"slide-2800 ms-image \" aria-roledescription=\"slide\" data-date=\"2022-11-17 17:11:21\" data-filename=\"Martin22-5-500x360.jpg\" data-slide-type=\"image\"><img loading=\"lazy\" decoding=\"async\" src=\"https:\/\/www.grundschule-herkenrath.de\/hp\/wp-content\/uploads\/2022\/11\/Martin22-5-500x360.jpg\" height=\"360\" width=\"500\" alt=\"\" class=\"slider-2788 slide-2800 msDefaultImage\" title=\"Martin22 (5)\" \/><\/li>\n                <li style=\"display: none; width: 100%;\" class=\"slide-2801 ms-image \" aria-roledescription=\"slide\" data-date=\"2022-11-17 17:11:22\" data-filename=\"Martin22-4-500x360.jpg\" data-slide-type=\"image\"><img loading=\"lazy\" decoding=\"async\" src=\"https:\/\/www.grundschule-herkenrath.de\/hp\/wp-content\/uploads\/2022\/11\/Martin22-4-500x360.jpg\" height=\"360\" width=\"500\" alt=\"\" class=\"slider-2788 slide-2801 msDefaultImage\" title=\"Martin22 (4)\" \/><\/li>\n                <li style=\"display: none; width: 100%;\" class=\"slide-2802 ms-image \" aria-roledescription=\"slide\" data-date=\"2022-11-17 17:11:22\" data-filename=\"Martin22-3-500x360.jpg\" data-slide-type=\"image\"><img loading=\"lazy\" decoding=\"async\" src=\"https:\/\/www.grundschule-herkenrath.de\/hp\/wp-content\/uploads\/2022\/11\/Martin22-3-500x360.jpg\" height=\"360\" width=\"500\" alt=\"\" class=\"slider-2788 slide-2802 msDefaultImage\" title=\"Martin22 (3)\" \/><\/li>\n                <li style=\"display: none; width: 100%;\" class=\"slide-2803 ms-image \" aria-roledescription=\"slide\" data-date=\"2022-11-17 17:11:22\" data-filename=\"Martin22-2-500x360.jpg\" data-slide-type=\"image\"><img loading=\"lazy\" decoding=\"async\" src=\"https:\/\/www.grundschule-herkenrath.de\/hp\/wp-content\/uploads\/2022\/11\/Martin22-2-500x360.jpg\" height=\"360\" width=\"500\" alt=\"\" class=\"slider-2788 slide-2803 msDefaultImage\" title=\"Martin22 (2)\" \/><\/li>\n                <li style=\"display: none; width: 100%;\" class=\"slide-2804 ms-image \" aria-roledescription=\"slide\" data-date=\"2022-11-17 17:11:22\" data-filename=\"Martin22-1-500x360.jpg\" data-slide-type=\"image\"><img loading=\"lazy\" decoding=\"async\" src=\"https:\/\/www.grundschule-herkenrath.de\/hp\/wp-content\/uploads\/2022\/11\/Martin22-1-500x360.jpg\" height=\"360\" width=\"500\" alt=\"\" class=\"slider-2788 slide-2804 msDefaultImage\" title=\"Martin22 (1)\" \/><\/li>\n            <\/ul>\n        <\/div>\n        \n    <\/div>\n<\/div>\n","protected":false},"excerpt":{"rendered":"<p>Wir sind zu der Schule gegangen. Wir haben erst das Schild nicht mit 2A gefunden. Dann haben wir drei Kinder aus der Klasse gesehen. Dann sind wir schon losgegangen. Die Musik war sch\u00f6n laut. N\u00e4chstes Jahr wird sie noch lauter, &#8222;Aaaah&#8220;! Da war die Musik losgegangen und wir haben gesungen. Die Laternenausstellung war toll! Die [&hellip;]<\/p>\n","protected":false},"author":3,"featured_media":2780,"comment_status":"closed","ping_status":"closed","sticky":false,"template":"","format":"standard","meta":{"footnotes":""},"categories":[1],"tags":[],"class_list":["post-2771","post","type-post","status-publish","format-standard","has-post-thumbnail","hentry","category-allgemein"],"_links":{"self":[{"href":"https:\/\/www.grundschule-herkenrath.de\/hp\/wp-json\/wp\/v2\/posts\/2771","targetHints":{"allow":["GET"]}}],"collection":[{"href":"https:\/\/www.grundschule-herkenrath.de\/hp\/wp-json\/wp\/v2\/posts"}],"about":[{"href":"https:\/\/www.grundschule-herkenrath.de\/hp\/wp-json\/wp\/v2\/types\/post"}],"author":[{"embeddable":true,"href":"https:\/\/www.grundschule-herkenrath.de\/hp\/wp-json\/wp\/v2\/users\/3"}],"replies":[{"embeddable":true,"href":"https:\/\/www.grundschule-herkenrath.de\/hp\/wp-json\/wp\/v2\/comments?post=2771"}],"version-history":[{"count":2,"href":"https:\/\/www.grundschule-herkenrath.de\/hp\/wp-json\/wp\/v2\/posts\/2771\/revisions"}],"predecessor-version":[{"id":2806,"href":"https:\/\/www.grundschule-herkenrath.de\/hp\/wp-json\/wp\/v2\/posts\/2771\/revisions\/2806"}],"wp:featuredmedia":[{"embeddable":true,"href":"https:\/\/www.grundschule-herkenrath.de\/hp\/wp-json\/wp\/v2\/media\/2780"}],"wp:attachment":[{"href":"https:\/\/www.grundschule-herkenrath.de\/hp\/wp-json\/wp\/v2\/media?parent=2771"}],"wp:term":[{"taxonomy":"category","embeddable":true,"href":"https:\/\/www.grundschule-herkenrath.de\/hp\/wp-json\/wp\/v2\/categories?post=2771"},{"taxonomy":"post_tag","embeddable":true,"href":"https:\/\/www.grundschule-herkenrath.de\/hp\/wp-json\/wp\/v2\/tags?post=2771"}],"curies":[{"name":"wp","href":"https:\/\/api.w.org\/{rel}","templated":true}]}}