{"id":2732,"date":"2022-05-25T06:29:15","date_gmt":"2022-05-25T04:29:15","guid":{"rendered":"https:\/\/www.grundschule-herkenrath.de\/hp\/?p=2732"},"modified":"2022-05-25T06:29:15","modified_gmt":"2022-05-25T04:29:15","slug":"projektwoche-an-der-ggs-herkenrath","status":"publish","type":"post","link":"https:\/\/www.grundschule-herkenrath.de\/hp\/projektwoche-an-der-ggs-herkenrath\/","title":{"rendered":"Projektwoche an der GGS Herkenrath"},"content":{"rendered":"\n<p>Vom 16. bis zum 21. Mai fand an der GGS Herkenrath eine Projektwoche statt. Dabei ging es um das Thema \u201eJim Knopf\u201c. Am Freitag vor der Projektwoche gaben die Lehrer den Kindern Aufgaben f\u00fcr den Montag auf, denn die Kinder hatten am Montag frei. Nur die Lehrer und viele helfende Eltern gingen zur Schule. Hinzu kamen noch die Leiter der Projektwoche vom K\u00f6lner Spielezirkus. <img loading=\"lazy\" decoding=\"async\" class=\"size-medium wp-image-2736 aligncenter\" src=\"https:\/\/www.grundschule-herkenrath.de\/hp\/wp-content\/uploads\/2022\/05\/GGS_Projektwoche22-7-580x435.jpg\" alt=\"\" width=\"580\" height=\"435\" srcset=\"https:\/\/www.grundschule-herkenrath.de\/hp\/wp-content\/uploads\/2022\/05\/GGS_Projektwoche22-7-580x435.jpg 580w, https:\/\/www.grundschule-herkenrath.de\/hp\/wp-content\/uploads\/2022\/05\/GGS_Projektwoche22-7-940x705.jpg 940w, https:\/\/www.grundschule-herkenrath.de\/hp\/wp-content\/uploads\/2022\/05\/GGS_Projektwoche22-7-768x576.jpg 768w, https:\/\/www.grundschule-herkenrath.de\/hp\/wp-content\/uploads\/2022\/05\/GGS_Projektwoche22-7-624x468.jpg 624w, https:\/\/www.grundschule-herkenrath.de\/hp\/wp-content\/uploads\/2022\/05\/GGS_Projektwoche22-7.jpg 1024w\" sizes=\"auto, (max-width: 580px) 100vw, 580px\" \/><\/p>\n<p>Am Dienstag f\u00fchrten alle Helfer den Kindern ein kurzes Theaterst\u00fcck vor. Danach konnten die Kinder verschiedene Arbeitsgemeinschaften kennenlernen und sich eine davon ausw\u00e4hlen. Dann ging die Arbeit los. In den Gruppen \u00fcbten alle ihre Rollen. Manche tanzten. Andere k\u00e4mpften als Piraten oder Leibwache, andere zeigten Kunstst\u00fccke mit Tellern oder machten Akrobatik. Alle \u00fcbten das Lied von Lummerland. Ziel waren zwei gro\u00dfe Theatervorf\u00fchrungen mit allen in der Aula. <img loading=\"lazy\" decoding=\"async\" class=\"size-medium wp-image-2734 aligncenter\" src=\"https:\/\/www.grundschule-herkenrath.de\/hp\/wp-content\/uploads\/2022\/05\/GGS_Projektwoche22-2-580x773.jpg\" alt=\"\" width=\"580\" height=\"773\" srcset=\"https:\/\/www.grundschule-herkenrath.de\/hp\/wp-content\/uploads\/2022\/05\/GGS_Projektwoche22-2-580x773.jpg 580w, https:\/\/www.grundschule-herkenrath.de\/hp\/wp-content\/uploads\/2022\/05\/GGS_Projektwoche22-2-624x832.jpg 624w, https:\/\/www.grundschule-herkenrath.de\/hp\/wp-content\/uploads\/2022\/05\/GGS_Projektwoche22-2.jpg 768w\" sizes=\"auto, (max-width: 580px) 100vw, 580px\" \/><\/p>\n<p>Es war eine riesige Sensation, als die Kinder dann am Samstag die Geschichte von Jim Knopf und Lukas, dem Lokomotivf\u00fchrer auff\u00fchrten. Es gab Drachen, Vulkane, Feuerspucker, Kunstst\u00fccke und viele tolle Schauspieler. Alle Zuschauer waren begeistert. <img loading=\"lazy\" decoding=\"async\" class=\"size-medium wp-image-2735 aligncenter\" src=\"https:\/\/www.grundschule-herkenrath.de\/hp\/wp-content\/uploads\/2022\/05\/GGS_Projektwoche22-6-580x435.jpg\" alt=\"\" width=\"580\" height=\"435\" srcset=\"https:\/\/www.grundschule-herkenrath.de\/hp\/wp-content\/uploads\/2022\/05\/GGS_Projektwoche22-6-580x435.jpg 580w, https:\/\/www.grundschule-herkenrath.de\/hp\/wp-content\/uploads\/2022\/05\/GGS_Projektwoche22-6-940x705.jpg 940w, https:\/\/www.grundschule-herkenrath.de\/hp\/wp-content\/uploads\/2022\/05\/GGS_Projektwoche22-6-768x576.jpg 768w, https:\/\/www.grundschule-herkenrath.de\/hp\/wp-content\/uploads\/2022\/05\/GGS_Projektwoche22-6-624x468.jpg 624w, https:\/\/www.grundschule-herkenrath.de\/hp\/wp-content\/uploads\/2022\/05\/GGS_Projektwoche22-6.jpg 1024w\" sizes=\"auto, (max-width: 580px) 100vw, 580px\" \/><\/p>\n<p>Es war eine super Projektwoche mit einem tollen Ergebnis, obwohl die Generalprobe in die Hose gegangen ist. Die Schule musste n\u00e4mlich wegen einer Unwetterwarnung um 11.30 Uhr geschlossen werden.<\/p>\n<p>ABER DAS HAT UNS NICHT AUFGEHALTEN!!!<\/p>\n<p>Klasse 4B<\/p>\n","protected":false},"excerpt":{"rendered":"<p>Vom 16. bis zum 21. Mai fand an der GGS Herkenrath eine Projektwoche statt. Dabei ging es um das Thema \u201eJim Knopf\u201c. Am Freitag vor der Projektwoche gaben die Lehrer den Kindern Aufgaben f\u00fcr den Montag auf, denn die Kinder hatten am Montag frei. Nur die Lehrer und viele helfende Eltern gingen zur Schule. Hinzu [&hellip;]<\/p>\n","protected":false},"author":3,"featured_media":2733,"comment_status":"closed","ping_status":"closed","sticky":false,"template":"","format":"standard","meta":{"footnotes":""},"categories":[1],"tags":[],"class_list":["post-2732","post","type-post","status-publish","format-standard","has-post-thumbnail","hentry","category-allgemein"],"_links":{"self":[{"href":"https:\/\/www.grundschule-herkenrath.de\/hp\/wp-json\/wp\/v2\/posts\/2732","targetHints":{"allow":["GET"]}}],"collection":[{"href":"https:\/\/www.grundschule-herkenrath.de\/hp\/wp-json\/wp\/v2\/posts"}],"about":[{"href":"https:\/\/www.grundschule-herkenrath.de\/hp\/wp-json\/wp\/v2\/types\/post"}],"author":[{"embeddable":true,"href":"https:\/\/www.grundschule-herkenrath.de\/hp\/wp-json\/wp\/v2\/users\/3"}],"replies":[{"embeddable":true,"href":"https:\/\/www.grundschule-herkenrath.de\/hp\/wp-json\/wp\/v2\/comments?post=2732"}],"version-history":[{"count":2,"href":"https:\/\/www.grundschule-herkenrath.de\/hp\/wp-json\/wp\/v2\/posts\/2732\/revisions"}],"predecessor-version":[{"id":2738,"href":"https:\/\/www.grundschule-herkenrath.de\/hp\/wp-json\/wp\/v2\/posts\/2732\/revisions\/2738"}],"wp:featuredmedia":[{"embeddable":true,"href":"https:\/\/www.grundschule-herkenrath.de\/hp\/wp-json\/wp\/v2\/media\/2733"}],"wp:attachment":[{"href":"https:\/\/www.grundschule-herkenrath.de\/hp\/wp-json\/wp\/v2\/media?parent=2732"}],"wp:term":[{"taxonomy":"category","embeddable":true,"href":"https:\/\/www.grundschule-herkenrath.de\/hp\/wp-json\/wp\/v2\/categories?post=2732"},{"taxonomy":"post_tag","embeddable":true,"href":"https:\/\/www.grundschule-herkenrath.de\/hp\/wp-json\/wp\/v2\/tags?post=2732"}],"curies":[{"name":"wp","href":"https:\/\/api.w.org\/{rel}","templated":true}]}}