{"id":2722,"date":"2022-03-22T15:31:14","date_gmt":"2022-03-22T14:31:14","guid":{"rendered":"https:\/\/www.grundschule-herkenrath.de\/hp\/?p=2722"},"modified":"2022-03-22T15:31:14","modified_gmt":"2022-03-22T14:31:14","slug":"elterninfo-aenderung-des-infektionsschutzgesetzes","status":"publish","type":"post","link":"https:\/\/www.grundschule-herkenrath.de\/hp\/elterninfo-aenderung-des-infektionsschutzgesetzes\/","title":{"rendered":"Elterninfo: \u00c4nderung des Infektionsschutzgesetzes"},"content":{"rendered":"\n<p>Liebe Eltern,<\/p>\n<p>hiermit informieren wir Sie \u00fcber die \u00c4nderung des Infektionsschutzgesetzes, Beschluss des Bundestags vom 20.03.2022.<\/p>\n<ol>\n<li><strong>Maskenpflicht in der Schule<\/strong><\/li>\n<\/ol>\n<p>\u201eDas ge\u00e4nderte Infektionsschutzgesetz sieht eine rechtliche Grundlage f\u00fcr eine Pflicht zum Tragen einer Maske in den Innenr\u00e4umen der Schulen nicht mehr vor. Allerdings gew\u00e4hrt das Gesetz eine \u00dcbergangsfrist bis zum 02.04.2022. Die Landesregierung NRW hat entschieden, die bestehenden Ma\u00dfnahmen zum Infektionsschutz in den Schulen bis Samstag, den 02.04.2022 aufrecht zu erhalten. Das bedeutet, dass nach \u00a72 der Corona-Betreuungsverordnung eine Pflicht zum Tragen einer Maske in den Innenr\u00e4umen der Schule besteht. Nach dem 02.04. endet diese Pflicht. Freiwillig k\u00f6nnen die Sch\u00fclerInnen in den Innenr\u00e4umen eine Maske tragen.&#8220;<\/p>\n<ol start=\"2\">\n<li><strong>Fortsetzung der Testungen<\/strong><\/li>\n<\/ol>\n<p>\u201eDie Landesregierung NRW hat entschieden, dass bis zum letzten Schultag vor den Ferien (08.04.2022) die Testungen in allen Schulen in der derzeitigen Form fortgesetzt werden. Nach den Osterferien wird das Testen nicht wieder aufgenommen, sofern es bis dahin keine unerwartete kritische Entwicklung des Infektionsgeschehens gibt.&#8220;<\/p>\n<p>(Auszug SchulMail des MSB NRW vom 18.03.2022)<\/p>\n<p>Mit freundlichen Gr\u00fc\u00dfen<\/p>\n<p>B. Zimmermann (Schulleitung)<\/p>\n","protected":false},"excerpt":{"rendered":"<p>Liebe Eltern, hiermit informieren wir Sie \u00fcber die \u00c4nderung des Infektionsschutzgesetzes, Beschluss des Bundestags vom 20.03.2022. Maskenpflicht in der Schule \u201eDas ge\u00e4nderte Infektionsschutzgesetz sieht eine rechtliche Grundlage f\u00fcr eine Pflicht zum Tragen einer Maske in den Innenr\u00e4umen der Schulen nicht mehr vor. Allerdings gew\u00e4hrt das Gesetz eine \u00dcbergangsfrist bis zum 02.04.2022. Die Landesregierung NRW hat [&hellip;]<\/p>\n","protected":false},"author":3,"featured_media":0,"comment_status":"closed","ping_status":"closed","sticky":false,"template":"","format":"standard","meta":{"footnotes":""},"categories":[1],"tags":[],"class_list":["post-2722","post","type-post","status-publish","format-standard","hentry","category-allgemein"],"_links":{"self":[{"href":"https:\/\/www.grundschule-herkenrath.de\/hp\/wp-json\/wp\/v2\/posts\/2722","targetHints":{"allow":["GET"]}}],"collection":[{"href":"https:\/\/www.grundschule-herkenrath.de\/hp\/wp-json\/wp\/v2\/posts"}],"about":[{"href":"https:\/\/www.grundschule-herkenrath.de\/hp\/wp-json\/wp\/v2\/types\/post"}],"author":[{"embeddable":true,"href":"https:\/\/www.grundschule-herkenrath.de\/hp\/wp-json\/wp\/v2\/users\/3"}],"replies":[{"embeddable":true,"href":"https:\/\/www.grundschule-herkenrath.de\/hp\/wp-json\/wp\/v2\/comments?post=2722"}],"version-history":[{"count":1,"href":"https:\/\/www.grundschule-herkenrath.de\/hp\/wp-json\/wp\/v2\/posts\/2722\/revisions"}],"predecessor-version":[{"id":2723,"href":"https:\/\/www.grundschule-herkenrath.de\/hp\/wp-json\/wp\/v2\/posts\/2722\/revisions\/2723"}],"wp:attachment":[{"href":"https:\/\/www.grundschule-herkenrath.de\/hp\/wp-json\/wp\/v2\/media?parent=2722"}],"wp:term":[{"taxonomy":"category","embeddable":true,"href":"https:\/\/www.grundschule-herkenrath.de\/hp\/wp-json\/wp\/v2\/categories?post=2722"},{"taxonomy":"post_tag","embeddable":true,"href":"https:\/\/www.grundschule-herkenrath.de\/hp\/wp-json\/wp\/v2\/tags?post=2722"}],"curies":[{"name":"wp","href":"https:\/\/api.w.org\/{rel}","templated":true}]}}