{"id":2717,"date":"2022-02-23T17:04:50","date_gmt":"2022-02-23T16:04:50","guid":{"rendered":"https:\/\/www.grundschule-herkenrath.de\/hp\/?p=2717"},"modified":"2022-02-23T17:04:50","modified_gmt":"2022-02-23T16:04:50","slug":"formular-zur-bestaetigung-ueber-die-durchfuehrung-der-selbsttests","status":"publish","type":"post","link":"https:\/\/www.grundschule-herkenrath.de\/hp\/formular-zur-bestaetigung-ueber-die-durchfuehrung-der-selbsttests\/","title":{"rendered":"Formular zur Best\u00e4tigung \u00fcber die Durchf\u00fchrung der Selbsttests"},"content":{"rendered":"\n<p><a href=\"https:\/\/www.grundschule-herkenrath.de\/hp\/wp-content\/uploads\/2022\/02\/GGS_Formular_Versicherung_Eltern-final.pdf\" target=\"_blank\" rel=\"noopener\">Hier<\/a> finden Sie das im vorherigen Beitrag angek\u00fcndigte Formular zur Best\u00e4tigung \u00fcber die Durchf\u00fchrung des Selbsttests. Bitte geben Sie es Ihrem Kind am 2.3.2022 mit in die Schule, da der 28.2. und der 1.3. an unserer Schule unterrichtsfrei sind.\u00a0 <\/p>\n","protected":false},"excerpt":{"rendered":"<p>Hier finden Sie das im vorherigen Beitrag angek\u00fcndigte Formular zur Best\u00e4tigung \u00fcber die Durchf\u00fchrung des Selbsttests. Bitte geben Sie es Ihrem Kind am 2.3.2022 mit in die Schule, da der 28.2. und der 1.3. an unserer Schule unterrichtsfrei sind.\u00a0<\/p>\n","protected":false},"author":3,"featured_media":0,"comment_status":"closed","ping_status":"closed","sticky":false,"template":"","format":"standard","meta":{"footnotes":""},"categories":[1],"tags":[],"class_list":["post-2717","post","type-post","status-publish","format-standard","hentry","category-allgemein"],"_links":{"self":[{"href":"https:\/\/www.grundschule-herkenrath.de\/hp\/wp-json\/wp\/v2\/posts\/2717","targetHints":{"allow":["GET"]}}],"collection":[{"href":"https:\/\/www.grundschule-herkenrath.de\/hp\/wp-json\/wp\/v2\/posts"}],"about":[{"href":"https:\/\/www.grundschule-herkenrath.de\/hp\/wp-json\/wp\/v2\/types\/post"}],"author":[{"embeddable":true,"href":"https:\/\/www.grundschule-herkenrath.de\/hp\/wp-json\/wp\/v2\/users\/3"}],"replies":[{"embeddable":true,"href":"https:\/\/www.grundschule-herkenrath.de\/hp\/wp-json\/wp\/v2\/comments?post=2717"}],"version-history":[{"count":1,"href":"https:\/\/www.grundschule-herkenrath.de\/hp\/wp-json\/wp\/v2\/posts\/2717\/revisions"}],"predecessor-version":[{"id":2719,"href":"https:\/\/www.grundschule-herkenrath.de\/hp\/wp-json\/wp\/v2\/posts\/2717\/revisions\/2719"}],"wp:attachment":[{"href":"https:\/\/www.grundschule-herkenrath.de\/hp\/wp-json\/wp\/v2\/media?parent=2717"}],"wp:term":[{"taxonomy":"category","embeddable":true,"href":"https:\/\/www.grundschule-herkenrath.de\/hp\/wp-json\/wp\/v2\/categories?post=2717"},{"taxonomy":"post_tag","embeddable":true,"href":"https:\/\/www.grundschule-herkenrath.de\/hp\/wp-json\/wp\/v2\/tags?post=2717"}],"curies":[{"name":"wp","href":"https:\/\/api.w.org\/{rel}","templated":true}]}}