{"id":2712,"date":"2022-02-16T14:00:13","date_gmt":"2022-02-16T13:00:13","guid":{"rendered":"https:\/\/www.grundschule-herkenrath.de\/hp\/?p=2712"},"modified":"2022-02-16T14:00:13","modified_gmt":"2022-02-16T13:00:13","slug":"sturmwarnung-schulschliessung-in-nrw","status":"publish","type":"post","link":"https:\/\/www.grundschule-herkenrath.de\/hp\/sturmwarnung-schulschliessung-in-nrw\/","title":{"rendered":"Sturmwarnung &#8211; Schulschlie\u00dfung in NRW"},"content":{"rendered":"\n<p>Liebe Eltern,<\/p>\n<p>gerade erhalten wir um 12.13 Uhr vom Ministerium folgende Meldung:<\/p>\n<p>Laut Mitteilung des Deutschen Wetterdienstes und des Landeslagezentrums <br \/>vom 16.02.2022 wird f\u00fcr den 17.02.2022 das folgende Unwetterereignis <br \/>erwartet:<br \/><br \/>verbreitet Sturm- und schwere Sturmb\u00f6en;<br \/>in Hochlagen Orkanb\u00f6en.<br \/><br \/>Auf Grundlage des Erlasses \u201eRegelungen zum Unterrichtsausfall und <br \/>anderen schulischen Ma\u00dfnahmen bei Unwettern und anderen extremen <br \/>Wetter-Ereignissen\u201c vom 13.03.2021 wird ein <strong>landesweiter <\/strong><br \/><strong>Unterrichtsausfall f\u00fcr den 17.02.2022<\/strong> angeordnet.<\/p>\n<p><strong>Die Grundschule und die OGS bleiben somit am 17.02. geschlossen.<\/strong> Da wir den weiteren Wetterverlauf nicht absch\u00e4tzen k\u00f6nnen, bitten wir Sie sich auf der Homepage f\u00fcr Freitag, den 18.02., zu informieren.<\/p>\n<p>\u00a0<\/p>\n<p>Mit freundlichen Gr\u00fc\u00dfen<\/p>\n<p>B. Zimmermann<\/p>\n<p>Schulleiterin<\/p>\n","protected":false},"excerpt":{"rendered":"<p>Liebe Eltern, gerade erhalten wir um 12.13 Uhr vom Ministerium folgende Meldung: Laut Mitteilung des Deutschen Wetterdienstes und des Landeslagezentrums vom 16.02.2022 wird f\u00fcr den 17.02.2022 das folgende Unwetterereignis erwartet: verbreitet Sturm- und schwere Sturmb\u00f6en;in Hochlagen Orkanb\u00f6en. Auf Grundlage des Erlasses \u201eRegelungen zum Unterrichtsausfall und anderen schulischen Ma\u00dfnahmen bei Unwettern und anderen extremen Wetter-Ereignissen\u201c vom [&hellip;]<\/p>\n","protected":false},"author":3,"featured_media":0,"comment_status":"closed","ping_status":"closed","sticky":false,"template":"","format":"standard","meta":{"footnotes":""},"categories":[1],"tags":[],"class_list":["post-2712","post","type-post","status-publish","format-standard","hentry","category-allgemein"],"_links":{"self":[{"href":"https:\/\/www.grundschule-herkenrath.de\/hp\/wp-json\/wp\/v2\/posts\/2712","targetHints":{"allow":["GET"]}}],"collection":[{"href":"https:\/\/www.grundschule-herkenrath.de\/hp\/wp-json\/wp\/v2\/posts"}],"about":[{"href":"https:\/\/www.grundschule-herkenrath.de\/hp\/wp-json\/wp\/v2\/types\/post"}],"author":[{"embeddable":true,"href":"https:\/\/www.grundschule-herkenrath.de\/hp\/wp-json\/wp\/v2\/users\/3"}],"replies":[{"embeddable":true,"href":"https:\/\/www.grundschule-herkenrath.de\/hp\/wp-json\/wp\/v2\/comments?post=2712"}],"version-history":[{"count":1,"href":"https:\/\/www.grundschule-herkenrath.de\/hp\/wp-json\/wp\/v2\/posts\/2712\/revisions"}],"predecessor-version":[{"id":2713,"href":"https:\/\/www.grundschule-herkenrath.de\/hp\/wp-json\/wp\/v2\/posts\/2712\/revisions\/2713"}],"wp:attachment":[{"href":"https:\/\/www.grundschule-herkenrath.de\/hp\/wp-json\/wp\/v2\/media?parent=2712"}],"wp:term":[{"taxonomy":"category","embeddable":true,"href":"https:\/\/www.grundschule-herkenrath.de\/hp\/wp-json\/wp\/v2\/categories?post=2712"},{"taxonomy":"post_tag","embeddable":true,"href":"https:\/\/www.grundschule-herkenrath.de\/hp\/wp-json\/wp\/v2\/tags?post=2712"}],"curies":[{"name":"wp","href":"https:\/\/api.w.org\/{rel}","templated":true}]}}