{"id":2293,"date":"2020-05-07T12:00:00","date_gmt":"2020-05-07T10:00:00","guid":{"rendered":"https:\/\/www.grundschule-herkenrath.de\/hp\/?p=2293"},"modified":"2020-05-06T10:28:31","modified_gmt":"2020-05-06T08:28:31","slug":"absage-elterninformationsabend-2020","status":"publish","type":"post","link":"https:\/\/www.grundschule-herkenrath.de\/hp\/absage-elterninformationsabend-2020\/","title":{"rendered":"Absage Elterninformationsabend 2020"},"content":{"rendered":"\n<p>Liebe Eltern, liebe kommenden 1. Kl\u00e4ssler im Schuljahr 2020\/21,<\/p>\n<p>dieses Jahr ist alles anders und viele Veranstaltungen f\u00fcr Ihre Kinder\/f\u00fcr euch, sich auf Schule vorzubereiten, finden nicht statt. Das ist sehr schade!<\/p>\n<p><strong>Der Informationsabend am Donnerstag, den 14.05. um 18.30 Uhr OGS und um 19.30 Uhr GGS, muss aufgrund des geltenden Infektionsschutzgesetzes ausfallen!<\/strong><\/p>\n<p><img loading=\"lazy\" decoding=\"async\" class=\"alignleft size-medium wp-image-2212\" src=\"https:\/\/www.grundschule-herkenrath.de\/hp\/wp-content\/uploads\/2020\/04\/Schule-580x365.jpg\" alt=\"\" width=\"580\" height=\"365\" srcset=\"https:\/\/www.grundschule-herkenrath.de\/hp\/wp-content\/uploads\/2020\/04\/Schule-580x365.jpg 580w, https:\/\/www.grundschule-herkenrath.de\/hp\/wp-content\/uploads\/2020\/04\/Schule.jpg 600w\" sizes=\"auto, (max-width: 580px) 100vw, 580px\" \/>Auch bei kurzfristiger \u00c4nderung der Vorschriften seitens des Landes NRW ist die Durchf\u00fchrung dieser Veranstaltung am 14.05. nicht mehr m\u00f6glich.<\/p>\n<p>Dennoch m\u00f6chten wir Sie und euch so gut wie m\u00f6glich auf den Schulanfang vorbereiten.<\/p>\n<p>Sie erhalten\/ Ihr erhaltet per Post Anfang Juni eine Informationsmappe \u00fcber den Schulstart, Mitteilungen der Klassenlehrerin oder des Klassenlehrers, eine Materialliste etc. und weitere Informationen seitens des F\u00f6rdervereins und der OGS. Bitte schauen Sie \/ Bitte schaut hinein. Viel Spa\u00df beim St\u00f6bern!<\/p>\n<p>Liebe Eltern,<\/p>\n<p>schauen Sie bitte immer wieder hier auf unsere Homepage. Sobald wir neue Informationen erhalten, ver\u00f6ffentlichen wir diese auf diesem Portal. Ich w\u00fcnsche Ihnen und euch trotz aller Widrigkeiten eine sch\u00f6ne Sommerzeit.<\/p>\n<p>Wir freuen uns auf euch!<\/p>\n<p>Herzliche Gr\u00fc\u00dfe<\/p>\n<p>B. Zimmermann, Schulleiterin<\/p>\n","protected":false},"excerpt":{"rendered":"<p>Liebe Eltern, liebe kommenden 1. Kl\u00e4ssler im Schuljahr 2020\/21, dieses Jahr ist alles anders und viele Veranstaltungen f\u00fcr Ihre Kinder\/f\u00fcr euch, sich auf Schule vorzubereiten, finden nicht statt. Das ist sehr schade! Der Informationsabend am Donnerstag, den 14.05. um 18.30 Uhr OGS und um 19.30 Uhr GGS, muss aufgrund des geltenden Infektionsschutzgesetzes ausfallen! Auch bei [&hellip;]<\/p>\n","protected":false},"author":3,"featured_media":0,"comment_status":"closed","ping_status":"closed","sticky":false,"template":"","format":"standard","meta":{"footnotes":""},"categories":[1],"tags":[],"class_list":["post-2293","post","type-post","status-publish","format-standard","hentry","category-allgemein"],"_links":{"self":[{"href":"https:\/\/www.grundschule-herkenrath.de\/hp\/wp-json\/wp\/v2\/posts\/2293","targetHints":{"allow":["GET"]}}],"collection":[{"href":"https:\/\/www.grundschule-herkenrath.de\/hp\/wp-json\/wp\/v2\/posts"}],"about":[{"href":"https:\/\/www.grundschule-herkenrath.de\/hp\/wp-json\/wp\/v2\/types\/post"}],"author":[{"embeddable":true,"href":"https:\/\/www.grundschule-herkenrath.de\/hp\/wp-json\/wp\/v2\/users\/3"}],"replies":[{"embeddable":true,"href":"https:\/\/www.grundschule-herkenrath.de\/hp\/wp-json\/wp\/v2\/comments?post=2293"}],"version-history":[{"count":4,"href":"https:\/\/www.grundschule-herkenrath.de\/hp\/wp-json\/wp\/v2\/posts\/2293\/revisions"}],"predecessor-version":[{"id":2297,"href":"https:\/\/www.grundschule-herkenrath.de\/hp\/wp-json\/wp\/v2\/posts\/2293\/revisions\/2297"}],"wp:attachment":[{"href":"https:\/\/www.grundschule-herkenrath.de\/hp\/wp-json\/wp\/v2\/media?parent=2293"}],"wp:term":[{"taxonomy":"category","embeddable":true,"href":"https:\/\/www.grundschule-herkenrath.de\/hp\/wp-json\/wp\/v2\/categories?post=2293"},{"taxonomy":"post_tag","embeddable":true,"href":"https:\/\/www.grundschule-herkenrath.de\/hp\/wp-json\/wp\/v2\/tags?post=2293"}],"curies":[{"name":"wp","href":"https:\/\/api.w.org\/{rel}","templated":true}]}}