{"id":2285,"date":"2020-05-05T16:39:44","date_gmt":"2020-05-05T14:39:44","guid":{"rendered":"https:\/\/www.grundschule-herkenrath.de\/hp\/?p=2285"},"modified":"2020-05-05T16:52:02","modified_gmt":"2020-05-05T14:52:02","slug":"aenderung-der-anfangszeit-der-notbetreuung-mit-dem-schulstart-07-05","status":"publish","type":"post","link":"https:\/\/www.grundschule-herkenrath.de\/hp\/aenderung-der-anfangszeit-der-notbetreuung-mit-dem-schulstart-07-05\/","title":{"rendered":"\u00c4nderung der Anfangszeit der Notbetreuung mit dem Schulstart 07.05."},"content":{"rendered":"\n<p>Aufgrund der Schulteil\u00f6ffnung ab dem 07.05 startet die Notbetreuung unter Ber\u00fccksichtigung des Infektionsschutzgesetzes am Vormittag immer nur um 8.00 Uhr. Bitte kommen Sie mit Ihrem Kind p\u00fcnktlich zum oberen Schuleingang an die Nott\u00fcr links, Fantasielandgruppe. Dort wird Ihr Kind in Empfang genommen. Die Notbetreuung wird wie gewohnt vom Personal der GGS und OGS gemeinsam durchgef\u00fchrt. Neu ist, dass f\u00fcr die Notbetreuungsgruppen nur die R\u00e4umlichkeiten der OGS zur Verf\u00fcgung stehen! Bitte denken Sie daran, dass Sie Ihr Kind immer f\u00fcr jede kommende Woche bis sp\u00e4testens Freitag 16 Uhr erneut anmelden m\u00fcssen.<\/p>\n","protected":false},"excerpt":{"rendered":"<p>Aufgrund der Schulteil\u00f6ffnung ab dem 07.05 startet die Notbetreuung unter Ber\u00fccksichtigung des Infektionsschutzgesetzes am Vormittag immer nur um 8.00 Uhr. Bitte kommen Sie mit Ihrem Kind p\u00fcnktlich zum oberen Schuleingang an die Nott\u00fcr links, Fantasielandgruppe. Dort wird Ihr Kind in Empfang genommen. Die Notbetreuung wird wie gewohnt vom Personal der GGS und OGS gemeinsam durchgef\u00fchrt. [&hellip;]<\/p>\n","protected":false},"author":3,"featured_media":0,"comment_status":"closed","ping_status":"closed","sticky":false,"template":"","format":"standard","meta":{"footnotes":""},"categories":[1],"tags":[],"class_list":["post-2285","post","type-post","status-publish","format-standard","hentry","category-allgemein"],"_links":{"self":[{"href":"https:\/\/www.grundschule-herkenrath.de\/hp\/wp-json\/wp\/v2\/posts\/2285","targetHints":{"allow":["GET"]}}],"collection":[{"href":"https:\/\/www.grundschule-herkenrath.de\/hp\/wp-json\/wp\/v2\/posts"}],"about":[{"href":"https:\/\/www.grundschule-herkenrath.de\/hp\/wp-json\/wp\/v2\/types\/post"}],"author":[{"embeddable":true,"href":"https:\/\/www.grundschule-herkenrath.de\/hp\/wp-json\/wp\/v2\/users\/3"}],"replies":[{"embeddable":true,"href":"https:\/\/www.grundschule-herkenrath.de\/hp\/wp-json\/wp\/v2\/comments?post=2285"}],"version-history":[{"count":7,"href":"https:\/\/www.grundschule-herkenrath.de\/hp\/wp-json\/wp\/v2\/posts\/2285\/revisions"}],"predecessor-version":[{"id":2292,"href":"https:\/\/www.grundschule-herkenrath.de\/hp\/wp-json\/wp\/v2\/posts\/2285\/revisions\/2292"}],"wp:attachment":[{"href":"https:\/\/www.grundschule-herkenrath.de\/hp\/wp-json\/wp\/v2\/media?parent=2285"}],"wp:term":[{"taxonomy":"category","embeddable":true,"href":"https:\/\/www.grundschule-herkenrath.de\/hp\/wp-json\/wp\/v2\/categories?post=2285"},{"taxonomy":"post_tag","embeddable":true,"href":"https:\/\/www.grundschule-herkenrath.de\/hp\/wp-json\/wp\/v2\/tags?post=2285"}],"curies":[{"name":"wp","href":"https:\/\/api.w.org\/{rel}","templated":true}]}}